{"id":6535,"date":"2023-05-18T15:02:32","date_gmt":"2023-05-18T14:02:32","guid":{"rendered":"https:\/\/2023.kinootok.org\/?p=6535"},"modified":"2023-05-18T15:08:26","modified_gmt":"2023-05-18T14:08:26","slug":"19-festival-del-cinema-isola-cinema-a-isola-dal-7-all11-giugno-2023","status":"publish","type":"post","link":"https:\/\/2023.kinootok.org\/en\/19-festival-del-cinema-isola-cinema-a-isola-dal-7-all11-giugno-2023\/","title":{"rendered":"19\u00b0 Festival del Cinema Isola Cinema a Isola dal 7 all\u201911 giugno 2023"},"content":{"rendered":"<div class=\"container\">\n    <div class=\"row text\">\n        <div class=\"col-md-9\">\n            <p><strong>Il Festival del Cinema Internazionale Isola Cinema saluter\u00e0 nuovamente l\u2019estate con la sua 19\u00aa edizione. La maggior parte degli eventi del Festival avr\u00e0 luogo a Isola tra il 7 e l\u201911 giugno 2023. A maggio e giugno, le proiezioni di Isola Cinema e gli incontri con gli autori avranno luogo anche nella Slovenska kinoteka, nel Kinodvor di Lubiana e nei cinema d\u2019essai di Cerknica, Idrija, Se\u017eana e Tolmin. Il Festival rimane non competitivo, genuinamente dedicato al cinema d\u2019autore e allo sviluppo della cultura cinematografica. Presenteremo pi\u00f9 di 100 lungometraggi e cortometraggi, molte delle proiezioni si svolgeranno alla presenza degli autori. Porteremo a Isola e in altre localit\u00e0 del Festival una fresca selezione di film d\u2019autore di qualit\u00e0, conversazioni dedicate ai film nonch\u00e9 famosi ospiti nostrani e stranieri.<\/strong><\/p>\n        <\/div>\n    <\/div>\n<\/div>\n\n\n<div class=\"container\">\n    <div class=\"row photo-block\">\n        <div class=\"col-md-7 photo\">\n            <img loading=\"lazy\" decoding=\"async\" width=\"640\" height=\"427\" src=\"https:\/\/2023.kinootok.org\/wp-content\/uploads\/2023\/05\/foto_arhiv-Kino-Otok-4-1024x683.jpeg\" class=\"attachment-large size-large\" alt=\"\" srcset=\"https:\/\/2023.kinootok.org\/wp-content\/uploads\/2023\/05\/foto_arhiv-Kino-Otok-4-1024x683.jpeg 1024w, https:\/\/2023.kinootok.org\/wp-content\/uploads\/2023\/05\/foto_arhiv-Kino-Otok-4-300x200.jpeg 300w, https:\/\/2023.kinootok.org\/wp-content\/uploads\/2023\/05\/foto_arhiv-Kino-Otok-4-768x512.jpeg 768w, https:\/\/2023.kinootok.org\/wp-content\/uploads\/2023\/05\/foto_arhiv-Kino-Otok-4-1536x1024.jpeg 1536w, https:\/\/2023.kinootok.org\/wp-content\/uploads\/2023\/05\/foto_arhiv-Kino-Otok-4-2048x1366.jpeg 2048w\" sizes=\"auto, (max-width: 640px) 100vw, 640px\" \/>        <\/div>\n    <\/div>\n<\/div>\n\n\n<div class=\"container\">\n    <div class=\"row text\">\n        <div class=\"col-md-9\">\n            <p><strong><u>Cosa rappresenta il Festival del Cinema Internazionale Isola Cinema? <\/u><\/strong><\/p>\n<p><strong>Dall\u2019anno 2004<\/strong>, il Festival del Cinema Internazionale Isola Cinema \u00e8 un festival nel vero senso della parola: l\u2019arte cinematografica accompagnata dall\u2019<strong>incontro dal vivo<\/strong> tra autori e visitatori, con un&#8217;eccellente selezione di film e ospiti famosi nostrani e stranieri.<\/p>\n<p>Isola Cinema \u00e8 un racconto cinematografico in divenire, le proiezioni sono seguite da incontri con gli autori, laboratori, nascono idee, si affinano punti di vista, divergono opinioni. Il noto <strong>programma cinematografico e di accompagnamento<\/strong> per il pubblico amatoriale ed esperto di ogni generazione include proiezioni, incontri con ospiti, laboratori, il programma cinematografico educativo Il Sottomarino \u2013 l\u2019isola per i ragazzi, cos\u00ec come l\u2019atmosfera notturna del Festival, scandita dai ritmi della spiaggia isolana Il Faro. Ogni anno includiamo nel programma numerose <strong>anteprime<\/strong> slovene, ovvero proiezioni di opere cinematografiche che altrimenti non verrebbero proiettate in Slovenia o in ambiti pi\u00f9 ampi.<\/p>\n<p>Molte organizzazioni e individui ci hanno sostenuto sin dall\u2019inizio, permettendo a <strong>Isola di animarsi come una vera isola cinematografica<\/strong>. Il carattere mediterraneo del Festival si riflette nell\u2019equilibrio tra relax e temperamento, che funge da magica formula dell\u2019Isola Cinema \u2013 chiunque ci abbia mai visitato vuole ritornare.<\/p>\n<p><strong><u>Luoghi e programma del 19\u00b0 Festival Isola Cinema a Isola e altrove<\/u><\/strong><\/p>\n<p>Nel programma del Festival si intrecciano vari luoghi e contenuti. A Isola stiamo preparando un emozionante programma cinematografico sotto le stelle al <strong>Cinema estivo<\/strong><strong> Arrigoni<\/strong> e nell\u2019accogliente ambiente del <strong>Cinema d\u2019essai<\/strong><strong> Odeon<\/strong> e della <strong>Casa di Cultura<\/strong>. Una selezione di cortometraggi di autori emergenti sar\u00e0 presentata nell\u2019atmosfera rilassata del <strong>Video in spiaggia<\/strong> al parco Il Faro. Con un programma di film e attivit\u00e0 per bambini, giovani e famiglie, <strong>Il Sottomarino di Isola Cinema<\/strong> sar\u00e0 ancorato nella Casa di Cultura, ma affiorer\u00e0 anche in altri luoghi del Festival a Isola. <strong>PRO ISOLA<\/strong>, il programma per gli esperti di cinema e chiunque sia interessato al percorso del film dall\u2019idea allo schermo, si terr\u00e0 a Palazzo Manzioli. Nell\u2019ambito del programma del Festival, anche quest\u2019anno annunciamo l\u2019echeggiare dell\u2019atmosfera del Festival lungo le vie, nelle gallerie e nei musei di Isola nonch\u00e9 il programma musicale serale <strong>Notti di luce<\/strong> alla spiaggia Il Faro, in collaborazione con il Club degli alunni e studenti di Isola.<\/p>\n<p>Poich\u00e9 ogni citt\u00e0 pu\u00f2 essere un\u2019Isola, Isola Cinema, in collaborazione con i nostri partner, a maggio e giugno presenteremo una selezione del programma cinematografico del Festival di quest\u2019anno anche a <strong>Lubiana<\/strong> (Slovenska kinoteka, Kinodvor), <strong>Cerknica<\/strong>, <strong>Idrija<\/strong>, <strong>Se\u017eana<\/strong> e <strong>Tolmin<\/strong> (cinematografi art, membri dell\u2019Art kino mre\u017ea Slovenije).<\/p>\n<p><strong><u>Momenti salienti del programma cinematografico del 19\u00b0 Festival Isola Cinema<\/u><\/strong><\/p>\n<p>Gi\u00e0 dall\u2019anno 2012, il Festival Isola Cinema ha deliberatamente eliminato la competizione tra i film, quindi il Festival non organizza <strong>gare<\/strong> e non assegna premi. In alternativa, creiamo uno spazio per l\u2019esposizione e la mediazione dell\u2019arte cinematografica, all\u2019insegna dell\u2019uguaglianza delle diverse espressioni degli autori, dei pensieri e dei punti di vista. Il programma cinematografico \u00e8 stato creato dai colleghi del consiglio di programmazione internazionale, in base al quale le opere cinematografiche sono classificate in diverse <strong>sezioni<\/strong> che, nel loro insieme, costituiscono il programma annuale di Isola Cinema.<\/p>\n<p>Nella sezione <strong>Segnali<\/strong> presentiamo film e autori di espressioni cinematografiche specifiche, che spesso rompono e superano le convenzioni attraverso linguaggi cinematografici originali e contenuti accattivanti. In questa sezione includiamo opere di maestri affermati, ma anche debutti o film che annunciano novit\u00e0 nel cinema regionale. In questa sezione vedremo film nuovi di maestri affermati (Ali Abbasi, Pietro Marcelo) e debutti entusiasmanti, quale il cult che ha rinfrescato il panorama cinematografico serbo &#8211; <strong>Avete visto questa donna?<\/strong> (Du\u0161an Zori\u0107, Matija Glu\u0161\u010devi\u0107) e la miniatura finlandese dall\u2019umorismo secco &#8211; <strong>Natura<\/strong> (Matti Harju).<\/p>\n<p>Nella sezione <strong>Europa 2.0<\/strong>, introdotta per omaggiare l\u2019Anno europeo del patrimonio culturale, presentiamo un duo cinematografico europeo, un film storico e uno attuale, collegati tematicamente e nella forma. Quest\u2019anno, il duo cinematografico sollever\u00e0 interrogativi sul razzismo nel mondo occidentale e la sua revisione moderna: presenteremo un cortometraggio muto di Georges M\u00e9li\u00e8s del 1902, <strong>Le avventure di Robinson Crusoe<\/strong> e lo affiancheremo al film belga <strong>La vita e le strane e sorprendenti avventure di Robinson Crusoe &#8230; <\/strong>(Benjamin Deboosere, 2023) che non \u00e8 solo un adattamento moderno del romanzo, ma una riflessione sul mito del <em>salvatore bianco degli incivili<\/em>, che il celebre romanzo ha co-creato.<\/p>\n<p>Con la sezione <strong>35mm di cult-ura<\/strong>, rendiamo omaggio alla storia del cinema, alle sue pietre miliari dello sviluppo creativo e tecnologico o agli autori pi\u00f9 importanti. Quest\u2019anno vedremo i film realizzati dai fratelli Paolo e Vittorio Taviani tratti dai libri di Luigi Pirandello.<\/p>\n<p>La sezione <strong>Amici<\/strong> \u00e8 all\u2019insegna della <em>carte blanche<\/em> che ogni anno assegniamo a selezionati amici di Isola Cinema provenienti da tutto il mondo.<\/p>\n<p>La sezione <strong>La baia di Silvano<\/strong> \u00e8 dedicata al compianto Silvano Furlan, una delle personalit\u00e0 pi\u00f9 importanti della storia del cinema sloveno. Porta una retrospettiva dell\u2019autore selezionato, preparata in collaborazione con la Slovenska kinoteka. Quest&#8217;anno sar\u00e0 <strong>Satyajit Ray<\/strong>, il grande autore indiano e uno dei nomi pi\u00f9 importanti della storia del cinema mondiale, e un programma di film realizzati dal grande maestro a Calcutta.<\/p>\n<p><strong>Video in spiaggia<\/strong> \u00e8 l&#8217;unica sezione di Isola Cinema con un appello pubblico agli autori emergenti della Slovenia, della regione e oltre, affinch\u00e9 condividano i loro cortometraggi con il pubblico di Isola Cinema. Ogni sera del Festival presentiamo una selezione di cortometraggi freschi e d\u2019impatto che toccano svariati temi.<\/p>\n<p>Il programma cinematografico della sezione <strong>Il Sottomarino di Isola Cinema<\/strong> \u00e8 rivolto a bambini, giovani, famiglie e scolaresche. Parte del programma \u00e8 dedicato ai giovani selezionatori di film della Slovenia centrale e dell\u2019Istria slovena che presenteranno dal vivo al pubblico del Festival i film selezionati.<\/p>\n<p><strong><u>Annuncio della presentazione del programma a Isola e Lubiana<\/u><\/strong><\/p>\n<p>L\u2019intero programma del 19\u00b0 Isola Cinema sar\u00e0 annunciato a maggio, il team del Festival lo presenter\u00e0 dal vivo il <strong>24 maggio 2023<\/strong> alle 12:00 al Kinodvor di Lubiana e il <strong>30 maggio 2023<\/strong> alle 11:00 al Cinema d\u2019essai Odeon a Isola.<\/p>\n<p><strong>Il produttore del<\/strong> Festival \u00e8 l\u2019ente Otok, zavod za razvoj kulture in dru\u017ebe. <strong>I coproduttori<\/strong> del Festival sono il Centro per la cultura, lo sport e gli eventi di Isola, la Slovenska kinoteka e il Kinoatelje. Kinodvor e la Comunit\u00e0 autogestita della nazionalit\u00e0 italiana di Isola sono <strong>partner<\/strong> del Festival.<\/p>\n<p>La 19\u00aa edizione del festival Isola Cinema \u00e8 supportata da <strong>cofinanziatori pubblici<\/strong>: Ministero della cultura della Repubblica di Slovenia, Comune di Isola, Sottoprogramma MEDIA Europa creativa della Commissione europea e Ministero della pubblica amministrazione.<\/p>\n<p>Stiamo preparando il Festival Isola Cinema all\u2019insegna della sostenibilit\u00e0 e dello slogan <strong>Evento senza rifiuti<\/strong> che viene assegnato in Slovenia dagli <strong>Ecologisti senza frontiere<\/strong>. Siamo ben consapevoli della responsabilit\u00e0 del Festival come evento culturale di massa, per questo vogliamo contribuire attivamente alla ricerca di risposte alla crisi ambientale, sia attraverso la sensibilizzazione che con le nostre azioni. Accettare l\u2019impegno fa parte dello sforzo del team del Festival per ridurre l\u2019impatto negativo delle nostre azioni sull\u2019ambiente, che include l\u2019incoraggiamento all\u2019uso dei mezzi pubblici e il viaggio in treno anzich\u00e9 in aereo, meno pubblicazioni stampate del Festival, riutilizzo di oggetti e attrezzature e collaborazione con partner che consentono un\u2019offerta ecologica e locale.<\/p>\n<p><strong><u>Grazie per aiutarci a informare il pubblico!<\/u><\/strong><\/p>\n<p>Consigliamo vivamente di seguirci online per le informazioni pi\u00f9 aggiornate: <span style=\"text-decoration: underline;\"><a href=\"http:\/\/www.kinootok.org\" target=\"_blank\" rel=\"noopener\">kinootok.org<\/a><\/span>, <span style=\"text-decoration: underline;\"><a href=\"https:\/\/isolacinema.us12.list-manage.com\/track\/click?u=300108decc4a27685890345e6&amp;id=90befb8ab4&amp;e=7dfbaf7714\" target=\"_blank\" rel=\"noopener\">Facebook<\/a><\/span>, <span style=\"text-decoration: underline;\"><a href=\"https:\/\/isolacinema.us12.list-manage.com\/track\/click?u=300108decc4a27685890345e6&amp;id=a8f0660ad2&amp;e=7dfbaf7714\" target=\"_blank\" rel=\"noopener\">Instagram<\/a><\/span>.<\/p>\n        <\/div>\n    <\/div>\n<\/div>\n","protected":false},"excerpt":{"rendered":"<p> [&#8230;]<\/p>\n<p><a class=\"btn btn-secondary understrap-read-more-link\" href=\"https:\/\/2023.kinootok.org\/en\/19-festival-del-cinema-isola-cinema-a-isola-dal-7-all11-giugno-2023\/\">Read More&#8230;<\/a><\/p>\n","protected":false},"author":7,"featured_media":0,"comment_status":"closed","ping_status":"closed","sticky":false,"template":"","format":"standard","meta":{"_acf_changed":false,"footnotes":""},"categories":[1],"tags":[],"class_list":["post-6535","post","type-post","status-publish","format-standard","hentry","category-uncategorized"],"acf":[],"yoast_head":"<!-- This site is optimized with the Yoast SEO plugin v26.9 - https:\/\/yoast.com\/product\/yoast-seo-wordpress\/ -->\n<title>19\u00b0 Festival del Cinema Isola Cinema a Isola dal 7 all\u201911 giugno 2023 - Kino Otok - Isola Cinema<\/title>\n<meta name=\"robots\" content=\"noindex, follow, max-snippet:-1, max-image-preview:large, max-video-preview:-1\" \/>\n<meta property=\"og:locale\" content=\"en_US\" \/>\n<meta property=\"og:type\" content=\"article\" \/>\n<meta property=\"og:title\" content=\"19\u00b0 Festival del Cinema Isola Cinema a Isola dal 7 all\u201911 giugno 2023 - Kino Otok - Isola Cinema\" \/>\n<meta property=\"og:description\" content=\"[...]Read More...\" \/>\n<meta property=\"og:url\" content=\"https:\/\/2023.kinootok.org\/lokacije-in-program-19-festivala-kino-otok-v-izoli-in-drugje\/\" \/>\n<meta property=\"og:site_name\" content=\"Kino Otok - Isola Cinema\" \/>\n<meta property=\"article:publisher\" content=\"https:\/\/www.facebook.com\/kino.otok\" \/>\n<meta property=\"article:published_time\" content=\"2023-05-18T14:02:32+00:00\" \/>\n<meta property=\"article:modified_time\" content=\"2023-05-18T14:08:26+00:00\" \/>\n<meta name=\"author\" content=\"Nika Osredkar\" \/>\n<meta name=\"twitter:card\" content=\"summary_large_image\" \/>\n<meta name=\"twitter:creator\" content=\"@KinoOtok\" \/>\n<meta name=\"twitter:site\" content=\"@KinoOtok\" \/>\n<meta name=\"twitter:label1\" content=\"Written by\" \/>\n\t<meta name=\"twitter:data1\" content=\"Nika Osredkar\" \/>\n<script type=\"application\/ld+json\" class=\"yoast-schema-graph\">{\"@context\":\"https:\/\/schema.org\",\"@graph\":[{\"@type\":\"Article\",\"@id\":\"https:\/\/2023.kinootok.org\/lokacije-in-program-19-festivala-kino-otok-v-izoli-in-drugje\/#article\",\"isPartOf\":{\"@id\":\"https:\/\/2023.kinootok.org\/lokacije-in-program-19-festivala-kino-otok-v-izoli-in-drugje\/\"},\"author\":{\"name\":\"Nika Osredkar\",\"@id\":\"https:\/\/2023.kinootok.org\/#\/schema\/person\/8762e1298682d0ea498480ae17f60001\"},\"headline\":\"19\u00b0 Festival del Cinema Isola Cinema a Isola dal 7 all\u201911 giugno 2023\",\"datePublished\":\"2023-05-18T14:02:32+00:00\",\"dateModified\":\"2023-05-18T14:08:26+00:00\",\"mainEntityOfPage\":{\"@id\":\"https:\/\/2023.kinootok.org\/lokacije-in-program-19-festivala-kino-otok-v-izoli-in-drugje\/\"},\"wordCount\":10,\"publisher\":{\"@id\":\"https:\/\/2023.kinootok.org\/#organization\"},\"inLanguage\":\"en-US\"},{\"@type\":\"WebPage\",\"@id\":\"https:\/\/2023.kinootok.org\/lokacije-in-program-19-festivala-kino-otok-v-izoli-in-drugje\/\",\"url\":\"https:\/\/2023.kinootok.org\/lokacije-in-program-19-festivala-kino-otok-v-izoli-in-drugje\/\",\"name\":\"19\u00b0 Festival del Cinema Isola Cinema a Isola dal 7 all\u201911 giugno 2023 - Kino Otok - Isola Cinema\",\"isPartOf\":{\"@id\":\"https:\/\/2023.kinootok.org\/#website\"},\"datePublished\":\"2023-05-18T14:02:32+00:00\",\"dateModified\":\"2023-05-18T14:08:26+00:00\",\"breadcrumb\":{\"@id\":\"https:\/\/2023.kinootok.org\/lokacije-in-program-19-festivala-kino-otok-v-izoli-in-drugje\/#breadcrumb\"},\"inLanguage\":\"en-US\",\"potentialAction\":[{\"@type\":\"ReadAction\",\"target\":[\"https:\/\/2023.kinootok.org\/lokacije-in-program-19-festivala-kino-otok-v-izoli-in-drugje\/\"]}]},{\"@type\":\"BreadcrumbList\",\"@id\":\"https:\/\/2023.kinootok.org\/lokacije-in-program-19-festivala-kino-otok-v-izoli-in-drugje\/#breadcrumb\",\"itemListElement\":[{\"@type\":\"ListItem\",\"position\":1,\"name\":\"Home\",\"item\":\"https:\/\/2023.kinootok.org\/\"},{\"@type\":\"ListItem\",\"position\":2,\"name\":\"19\u00b0 Festival del Cinema Isola Cinema a Isola dal 7 all\u201911 giugno 2023\"}]},{\"@type\":\"WebSite\",\"@id\":\"https:\/\/2023.kinootok.org\/#website\",\"url\":\"https:\/\/2023.kinootok.org\/\",\"name\":\"Kino Otok - Isola Cinema\",\"description\":\"International Film Festival\",\"publisher\":{\"@id\":\"https:\/\/2023.kinootok.org\/#organization\"},\"potentialAction\":[{\"@type\":\"SearchAction\",\"target\":{\"@type\":\"EntryPoint\",\"urlTemplate\":\"https:\/\/2023.kinootok.org\/?s={search_term_string}\"},\"query-input\":{\"@type\":\"PropertyValueSpecification\",\"valueRequired\":true,\"valueName\":\"search_term_string\"}}],\"inLanguage\":\"en-US\"},{\"@type\":\"Organization\",\"@id\":\"https:\/\/2023.kinootok.org\/#organization\",\"name\":\"Kino Otok - Isola Cinema\",\"url\":\"https:\/\/2023.kinootok.org\/\",\"logo\":{\"@type\":\"ImageObject\",\"inLanguage\":\"en-US\",\"@id\":\"https:\/\/2023.kinootok.org\/#\/schema\/logo\/image\/\",\"url\":\"https:\/\/2023.kinootok.org\/wp-content\/uploads\/2024\/04\/Logo.png\",\"contentUrl\":\"https:\/\/2023.kinootok.org\/wp-content\/uploads\/2024\/04\/Logo.png\",\"width\":288,\"height\":288,\"caption\":\"Kino Otok - Isola Cinema\"},\"image\":{\"@id\":\"https:\/\/2023.kinootok.org\/#\/schema\/logo\/image\/\"},\"sameAs\":[\"https:\/\/www.facebook.com\/kino.otok\",\"https:\/\/x.com\/KinoOtok\",\"https:\/\/www.instagram.com\/kinootok_isolacinema\/\"]},{\"@type\":\"Person\",\"@id\":\"https:\/\/2023.kinootok.org\/#\/schema\/person\/8762e1298682d0ea498480ae17f60001\",\"name\":\"Nika Osredkar\",\"image\":{\"@type\":\"ImageObject\",\"inLanguage\":\"en-US\",\"@id\":\"https:\/\/2023.kinootok.org\/#\/schema\/person\/image\/\",\"url\":\"https:\/\/secure.gravatar.com\/avatar\/b1c0ca0db0a7b6c32a58c5f5d1b668e72c52406778e8261e92d88a20aee2f3ab?s=96&d=mm&r=g\",\"contentUrl\":\"https:\/\/secure.gravatar.com\/avatar\/b1c0ca0db0a7b6c32a58c5f5d1b668e72c52406778e8261e92d88a20aee2f3ab?s=96&d=mm&r=g\",\"caption\":\"Nika Osredkar\"},\"url\":\"https:\/\/2023.kinootok.org\/en\/author\/nika-osredkar\/\"}]}<\/script>\n<!-- \/ Yoast SEO plugin. -->","yoast_head_json":{"title":"19\u00b0 Festival del Cinema Isola Cinema a Isola dal 7 all\u201911 giugno 2023 - Kino Otok - Isola Cinema","robots":{"index":"noindex","follow":"follow","max-snippet":"max-snippet:-1","max-image-preview":"max-image-preview:large","max-video-preview":"max-video-preview:-1"},"og_locale":"en_US","og_type":"article","og_title":"19\u00b0 Festival del Cinema Isola Cinema a Isola dal 7 all\u201911 giugno 2023 - Kino Otok - Isola Cinema","og_description":"[...]Read More...","og_url":"https:\/\/2023.kinootok.org\/lokacije-in-program-19-festivala-kino-otok-v-izoli-in-drugje\/","og_site_name":"Kino Otok - Isola Cinema","article_publisher":"https:\/\/www.facebook.com\/kino.otok","article_published_time":"2023-05-18T14:02:32+00:00","article_modified_time":"2023-05-18T14:08:26+00:00","author":"Nika Osredkar","twitter_card":"summary_large_image","twitter_creator":"@KinoOtok","twitter_site":"@KinoOtok","twitter_misc":{"Written by":"Nika Osredkar"},"schema":{"@context":"https:\/\/schema.org","@graph":[{"@type":"Article","@id":"https:\/\/2023.kinootok.org\/lokacije-in-program-19-festivala-kino-otok-v-izoli-in-drugje\/#article","isPartOf":{"@id":"https:\/\/2023.kinootok.org\/lokacije-in-program-19-festivala-kino-otok-v-izoli-in-drugje\/"},"author":{"name":"Nika Osredkar","@id":"https:\/\/2023.kinootok.org\/#\/schema\/person\/8762e1298682d0ea498480ae17f60001"},"headline":"19\u00b0 Festival del Cinema Isola Cinema a Isola dal 7 all\u201911 giugno 2023","datePublished":"2023-05-18T14:02:32+00:00","dateModified":"2023-05-18T14:08:26+00:00","mainEntityOfPage":{"@id":"https:\/\/2023.kinootok.org\/lokacije-in-program-19-festivala-kino-otok-v-izoli-in-drugje\/"},"wordCount":10,"publisher":{"@id":"https:\/\/2023.kinootok.org\/#organization"},"inLanguage":"en-US"},{"@type":"WebPage","@id":"https:\/\/2023.kinootok.org\/lokacije-in-program-19-festivala-kino-otok-v-izoli-in-drugje\/","url":"https:\/\/2023.kinootok.org\/lokacije-in-program-19-festivala-kino-otok-v-izoli-in-drugje\/","name":"19\u00b0 Festival del Cinema Isola Cinema a Isola dal 7 all\u201911 giugno 2023 - Kino Otok - Isola Cinema","isPartOf":{"@id":"https:\/\/2023.kinootok.org\/#website"},"datePublished":"2023-05-18T14:02:32+00:00","dateModified":"2023-05-18T14:08:26+00:00","breadcrumb":{"@id":"https:\/\/2023.kinootok.org\/lokacije-in-program-19-festivala-kino-otok-v-izoli-in-drugje\/#breadcrumb"},"inLanguage":"en-US","potentialAction":[{"@type":"ReadAction","target":["https:\/\/2023.kinootok.org\/lokacije-in-program-19-festivala-kino-otok-v-izoli-in-drugje\/"]}]},{"@type":"BreadcrumbList","@id":"https:\/\/2023.kinootok.org\/lokacije-in-program-19-festivala-kino-otok-v-izoli-in-drugje\/#breadcrumb","itemListElement":[{"@type":"ListItem","position":1,"name":"Home","item":"https:\/\/2023.kinootok.org\/"},{"@type":"ListItem","position":2,"name":"19\u00b0 Festival del Cinema Isola Cinema a Isola dal 7 all\u201911 giugno 2023"}]},{"@type":"WebSite","@id":"https:\/\/2023.kinootok.org\/#website","url":"https:\/\/2023.kinootok.org\/","name":"Kino Otok - Isola Cinema","description":"International Film Festival","publisher":{"@id":"https:\/\/2023.kinootok.org\/#organization"},"potentialAction":[{"@type":"SearchAction","target":{"@type":"EntryPoint","urlTemplate":"https:\/\/2023.kinootok.org\/?s={search_term_string}"},"query-input":{"@type":"PropertyValueSpecification","valueRequired":true,"valueName":"search_term_string"}}],"inLanguage":"en-US"},{"@type":"Organization","@id":"https:\/\/2023.kinootok.org\/#organization","name":"Kino Otok - Isola Cinema","url":"https:\/\/2023.kinootok.org\/","logo":{"@type":"ImageObject","inLanguage":"en-US","@id":"https:\/\/2023.kinootok.org\/#\/schema\/logo\/image\/","url":"https:\/\/2023.kinootok.org\/wp-content\/uploads\/2024\/04\/Logo.png","contentUrl":"https:\/\/2023.kinootok.org\/wp-content\/uploads\/2024\/04\/Logo.png","width":288,"height":288,"caption":"Kino Otok - Isola Cinema"},"image":{"@id":"https:\/\/2023.kinootok.org\/#\/schema\/logo\/image\/"},"sameAs":["https:\/\/www.facebook.com\/kino.otok","https:\/\/x.com\/KinoOtok","https:\/\/www.instagram.com\/kinootok_isolacinema\/"]},{"@type":"Person","@id":"https:\/\/2023.kinootok.org\/#\/schema\/person\/8762e1298682d0ea498480ae17f60001","name":"Nika Osredkar","image":{"@type":"ImageObject","inLanguage":"en-US","@id":"https:\/\/2023.kinootok.org\/#\/schema\/person\/image\/","url":"https:\/\/secure.gravatar.com\/avatar\/b1c0ca0db0a7b6c32a58c5f5d1b668e72c52406778e8261e92d88a20aee2f3ab?s=96&d=mm&r=g","contentUrl":"https:\/\/secure.gravatar.com\/avatar\/b1c0ca0db0a7b6c32a58c5f5d1b668e72c52406778e8261e92d88a20aee2f3ab?s=96&d=mm&r=g","caption":"Nika Osredkar"},"url":"https:\/\/2023.kinootok.org\/en\/author\/nika-osredkar\/"}]}},"_links":{"self":[{"href":"https:\/\/2023.kinootok.org\/en\/wp-json\/wp\/v2\/posts\/6535","targetHints":{"allow":["GET"]}}],"collection":[{"href":"https:\/\/2023.kinootok.org\/en\/wp-json\/wp\/v2\/posts"}],"about":[{"href":"https:\/\/2023.kinootok.org\/en\/wp-json\/wp\/v2\/types\/post"}],"author":[{"embeddable":true,"href":"https:\/\/2023.kinootok.org\/en\/wp-json\/wp\/v2\/users\/7"}],"replies":[{"embeddable":true,"href":"https:\/\/2023.kinootok.org\/en\/wp-json\/wp\/v2\/comments?post=6535"}],"version-history":[{"count":7,"href":"https:\/\/2023.kinootok.org\/en\/wp-json\/wp\/v2\/posts\/6535\/revisions"}],"predecessor-version":[{"id":6545,"href":"https:\/\/2023.kinootok.org\/en\/wp-json\/wp\/v2\/posts\/6535\/revisions\/6545"}],"wp:attachment":[{"href":"https:\/\/2023.kinootok.org\/en\/wp-json\/wp\/v2\/media?parent=6535"}],"wp:term":[{"taxonomy":"category","embeddable":true,"href":"https:\/\/2023.kinootok.org\/en\/wp-json\/wp\/v2\/categories?post=6535"},{"taxonomy":"post_tag","embeddable":true,"href":"https:\/\/2023.kinootok.org\/en\/wp-json\/wp\/v2\/tags?post=6535"}],"curies":[{"name":"wp","href":"https:\/\/api.w.org\/{rel}","templated":true}]}}